{"id":1941,"date":"2026-08-13T10:00:00","date_gmt":"2026-08-13T07:00:00","guid":{"rendered":"https:\/\/madlienasvidusskola.lv\/keipene\/aktualitates\/gramata-vieno-paaudzes\/"},"modified":"2026-08-15T18:11:09","modified_gmt":"2026-08-15T15:11:09","slug":"gramata-vieno-paaudzes","status":"publish","type":"news","link":"https:\/\/www.madlienasvidusskola.lv\/keipene\/aktualitates\/gramata-vieno-paaudzes\/","title":{"rendered":"Gr\u0101mata vieno paaudzes"},"content":{"rendered":"<p style=\"text-align: justify;\">Ar sirsn\u012bg\u0101m atmi\u0146\u0101m un jaun\u0101m zin\u0101\u0161an\u0101m nosl\u0113dzies paaud\u017eu sadarb\u012bbas projekts <strong>\u201cGr\u0101mata vieno paaudzes\u201d<\/strong>. Projekts tika \u012bstenots, pateicoties Ogres novada pa\u0161vald\u012bbas projektu konkursa \u201cR.A.D.I.\u2013 Ogres novadam\u201d pie\u0161\u0137irtajam finans\u0113jumam, un tas apvienoja \u0136eipenes pension\u0101ru biedr\u012bbas \u201dAvotkreses\u201d seniorus un skolas vecuma jaunie\u0161us kop\u012bgam m\u0113r\u0137im\u2013 ce\u013cojumam pa literat\u016bras un Latvijas kult\u016bras tak\u0101m. Projekta aktivit\u0101tes ne tikai stiprin\u0101ja las\u012btprasmi, bet ar\u012b uzskat\u0101mi par\u0101d\u012bja, ka m\u012blest\u012bbai pret gr\u0101matu un rado\u0161umam vecuma ierobe\u017eojumu nav.<\/p>\n<p style=\"text-align: justify;\">Projekta pamatu veidoja regul\u0101ras tik\u0161an\u0101s, kur\u0101s galven\u0101 loma bija atv\u0113l\u0113ta gr\u0101matai. Ska\u013c\u0101s las\u012b\u0161anas nodarb\u012bb\u0101s vec\u0101k\u0101 paaudze dal\u012bj\u0101s ar savu las\u012b\u0161anas pieredzi, savuk\u0101rt skol\u0113ni p\u0101rsteidza ar aizraut\u012bbu un m\u016bsdien\u012bgu teksta uztveri. P\u0113c kop\u012bgas las\u012b\u0161anas sekoja st\u0101stu atst\u0101st\u012b\u0161ana, kas izv\u0113rt\u0101s sirsn\u012bg\u0101s diskusij\u0101s, sal\u012bdzinot da\u017e\u0101du laiku b\u0113rn\u012bbas pieredzes un v\u0113rt\u012bbas. Lai las\u012b\u0161anas prieks turpin\u0101tos ar\u012b m\u0101j\u0101s, rado\u0161aj\u0101 darbn\u012bc\u0101 katrs dal\u012bbnieks izgatavoja unik\u0101lu, pa\u0161a veidotu gr\u0101matz\u012bmi.<\/p>\n<p style=\"text-align: justify;\">Viens no spilgt\u0101kajiem projekta notikumiem bija tik\u0161an\u0101s ar paz\u012bstamo b\u0113rnu gr\u0101matu autori un m\u0101kslinieci Daci Kr\u0113sli\u0146u. Kl\u0101tien\u0113 vi\u0146a dal\u012bj\u0101s st\u0101stos par to, k\u0101 top gr\u0101matas t\u0113li un k\u0101 advok\u0101tes karjeru iesp\u0113jams nomain\u012bt pret sirdsdarbu literat\u016br\u0101.<\/p>\n<p style=\"text-align: justify;\">Teor\u0113tisk\u0101s un rado\u0161\u0101s nodarb\u012bbas papildin\u0101ja divas neaizmirstamas un izzino\u0161as ekskursijas:<\/p>\n<ul>\n<li style=\"text-align: justify;\"><strong>Me\u0146\u0123eles muzejs \u201cSudrabu Ed\u017eus\u201d.<\/strong> \u0160eit kop\u012bgi atcer\u0113j\u0101s un p\u0101rrun\u0101ja slaveno st\u0101stu par Dullo Dauku. K\u0101pjot Me\u0146\u0123eles skatu torn\u012b un pastaig\u0101joties pa gleznaino Dull\u0101 Daukas birzi, kur\u0101 akme\u0146os iekalti gr\u0101matas t\u0113lu v\u0101rdi, jaunie\u0161i un seniori diskut\u0113ja par cilv\u0113ka m\u016b\u017e\u012bgo v\u0113lmi izzin\u0101t un sasniegt apv\u0101rsni.<\/li>\n<li style=\"text-align: justify;\"><strong>Latvijas Nacion\u0101l\u0101 bibliot\u0113ka R\u012bg\u0101.<\/strong> Iepaz\u012bstot Gaismas pili, seniori un b\u0113rni kl\u0101tien\u0113 apl\u016bkoja unik\u0101lu Latvijas kult\u016bras v\u0113rt\u012bbu\u2013 Kri\u0161j\u0101\u0146a Barona Dainu skapi\u2013, iespaid\u012bgo Tautas gr\u0101matu plauktu, k\u0101 ar\u012b kop\u0101 apbr\u012bnoja R\u012bgas panor\u0101mu no \u0113kas aug\u0161\u0113jiem st\u0101viem.<\/li>\n<\/ul>\n<p style=\"text-align: justify;\">Projekta programma bija neparasti daudzpus\u012bga, sniedzot prieku ne tikai pr\u0101tam, bet ar\u012b dv\u0113selei un fiziskajai labsaj\u016btai. Dal\u012bbnieki akt\u012bvi darboj\u0101s keramikas meistardarbn\u012bc\u0101 un pa\u0161u rok\u0101m gatavoja atsl\u0113gu piekari\u0146us. Kop\u0101 b\u016b\u0161anas laiku kr\u0101\u0161\u0146\u0101ku dar\u012bja kop\u012bga dzied\u0101\u0161ana, jautras rota\u013cas un mierpilni medit\u0101cijas br\u012b\u017ei. \u012apa\u0161u ener\u0123ijas un pozit\u012bvu emociju l\u0101di\u0146u gan lieliem, gan maziem sniedza akt\u012bv\u0101 pastaiga dab\u0101 kop\u0101 ar draudz\u012bgajiem haskijiem.<\/p>\n<p style=\"text-align: justify;\">Projekts nosl\u0113dzies, ta\u010du izveidot\u0101 saikne starp paaudz\u0113m paliek \u2013 gr\u0101mata patie\u0161\u0101m ir sp\u0113jusi salied\u0113t, iedvesmot un rad\u012bt palieko\u0161as atmi\u0146as ab\u0101m paaudz\u0113m. Kop\u012bgais laiks pier\u0101d\u012bja, ka sarunas, st\u0101sti, zin\u0101\u0161anas un pieredze k\u013c\u016bst v\u0113l v\u0113rt\u012bg\u0101ki, ja tos varam dal\u012bt cits ar citu. Lai ar\u012b projekta aktivit\u0101tes ir nosl\u0113gu\u0161\u0101s, ceram, ka aizs\u0101kt\u0101 trad\u012bcija turpin\u0101sies un v\u0113l daudzas gr\u0101matu lappuses tiks izlas\u012btas kop\u0101.<\/p>\n","protected":false},"featured_media":1936,"template":"","news-category":[17],"class_list":["post-1941","news","type-news","status-publish","has-post-thumbnail","hentry","news-category-projekti"],"acf":[],"_links":{"self":[{"href":"https:\/\/www.madlienasvidusskola.lv\/keipene\/wp-json\/wp\/v2\/news\/1941","targetHints":{"allow":["GET"]}}],"collection":[{"href":"https:\/\/www.madlienasvidusskola.lv\/keipene\/wp-json\/wp\/v2\/news"}],"about":[{"href":"https:\/\/www.madlienasvidusskola.lv\/keipene\/wp-json\/wp\/v2\/types\/news"}],"version-history":[{"count":1,"href":"https:\/\/www.madlienasvidusskola.lv\/keipene\/wp-json\/wp\/v2\/news\/1941\/revisions"}],"predecessor-version":[{"id":2035,"href":"https:\/\/www.madlienasvidusskola.lv\/keipene\/wp-json\/wp\/v2\/news\/1941\/revisions\/2035"}],"wp:featuredmedia":[{"embeddable":true,"href":"https:\/\/www.madlienasvidusskola.lv\/keipene\/wp-json\/wp\/v2\/media\/1936"}],"wp:attachment":[{"href":"https:\/\/www.madlienasvidusskola.lv\/keipene\/wp-json\/wp\/v2\/media?parent=1941"}],"wp:term":[{"taxonomy":"news-category","embeddable":true,"href":"https:\/\/www.madlienasvidusskola.lv\/keipene\/wp-json\/wp\/v2\/news-category?post=1941"}],"curies":[{"name":"wp","href":"https:\/\/api.w.org\/{rel}","templated":true}]}}