{"id":1943,"date":"2026-06-05T10:00:00","date_gmt":"2026-06-05T07:00:00","guid":{"rendered":"https:\/\/madlienasvidusskola.lv\/keipene\/aktualitates\/erasmus-projekts-par-zalaku-pasauli-musu-berniem\/"},"modified":"2026-08-16T15:17:24","modified_gmt":"2026-08-16T12:17:24","slug":"erasmus-projekts-par-zalaku-pasauli-musu-berniem","status":"publish","type":"news","link":"https:\/\/www.madlienasvidusskola.lv\/keipene\/aktualitates\/erasmus-projekts-par-zalaku-pasauli-musu-berniem\/","title":{"rendered":"Erasmus+ projekts \u201ePar za\u013c\u0101ku pasauli m\u016bsu b\u0113rniem&#8221;"},"content":{"rendered":"<p style=\"text-align: justify;\">Nosl\u0113dzoties <strong>Erasmus+ projekta Nr. 2025-1-LV01-KA122-SCH-000326778<\/strong> <strong>\u201cPar za\u013c\u0101ku pasauli m\u016bsu b\u0113rniem\u201d<\/strong> galvenaj\u0101m aktivit\u0101t\u0113m, \u0136eipenes skola ar gandar\u012bjumu atskat\u0101s uz paveikto darbu, ieg\u016bto pieredzi un v\u0113rt\u012bgaj\u0101m atzi\u0146\u0101m, kas bag\u0101tin\u0101ju\u0161as gan skol\u0113nu, gan pedagogu ikdienu. Projekta m\u0113r\u0137is bija pilnveidot pedagogu profesion\u0101l\u0101s kompetences, att\u012bst\u012bt m\u016bsdien\u012bgas un skol\u0113ncentr\u0113tas m\u0101c\u012bbu pieejas, stiprin\u0101t \u0101ra izgl\u012bt\u012bbas un ilgtsp\u0113j\u012bgas dom\u0101\u0161anas principu integr\u0113\u0161anu m\u0101c\u012bbu proces\u0101, k\u0101 ar\u012b papla\u0161in\u0101t skol\u0113nu starpkult\u016bru pieredzi.<\/p>\n<p style=\"text-align: justify;\">Projekta laik\u0101 skolot\u0101ji piedal\u012bj\u0101s profesion\u0101l\u0101s pilnveides kursos Island\u0113 un Sp\u0101nij\u0101, iepaz\u012bstot inovat\u012bvas m\u0101c\u012bbu metodes, kas veicina akt\u012bvu iesaisti, m\u0101c\u012b\u0161anos caur kust\u012bbu, sadarb\u012bbu, rado\u0161umu un skol\u0113nu labb\u016bt\u012bbu. Darba \u0113no\u0161anas aktivit\u0101tes Barselonas skol\u0101s sniedza iesp\u0113ju iepaz\u012bt iek\u013caujo\u0161as izgl\u012bt\u012bbas principus un v\u0113rot, k\u0101 m\u0101c\u012bbu vide tiek organiz\u0113ta atbilsto\u0161i katra b\u0113rna vajadz\u012bb\u0101m.<\/p>\n<p style=\"text-align: justify;\">B\u016btiska projekta sast\u0101vda\u013ca bija skol\u0113nu mobilit\u0101te Horv\u0101tij\u0101, kuras laik\u0101 audz\u0113k\u0146i ne tikai iepazina citas valsts kult\u016bru un izgl\u012bt\u012bbas sist\u0113mu, bet ar\u012b att\u012bst\u012bja komunik\u0101cijas, sadarb\u012bbas un sve\u0161valodu prasmes. Kop\u012bg\u0101s aktivit\u0101tes ar Horv\u0101tijas skol\u0113niem pal\u012bdz\u0113ja veidot izpratni par Eiropas kult\u016bru daudzveid\u012bbu, vienlaikus stiprinot pieder\u012bbas saj\u016btu savai valstij un skolai.<\/p>\n<p style=\"text-align: justify;\">Projekta \u012bsteno\u0161anas laik\u0101 g\u016bt\u0101 pieredze jau ir k\u013cuvusi par da\u013cu no skolas ikdienas. Pedagogi akt\u012bv\u0101k izmanto kust\u012bbu elementus m\u0101c\u012bbu stund\u0101s, organiz\u0113 m\u0101c\u012bbu aktivit\u0101tes \u0101rpus klases telp\u0101m, piev\u0113r\u0161 liel\u0101ku uzman\u012bbu skol\u0113nu labb\u016bt\u012bbai un iesaistei, k\u0101 ar\u012b izmanto starptautiski aprob\u0113tas metodes kritisk\u0101s dom\u0101\u0161anas, sadarb\u012bbas un pa\u0161vad\u012btas m\u0101c\u012b\u0161an\u0101s prasmju att\u012bst\u012b\u0161anai.<\/p>\n<p style=\"text-align: justify;\">Noz\u012bm\u012bgs ieguvums ir ar\u012b starptautisk\u0101s sadarb\u012bbas pieredze, kas \u013c\u0101vusi iepaz\u012bt citu Eiropas valstu izgl\u012bt\u012bbas praksi un izv\u0113rt\u0113t iesp\u0113jas lab\u0101ko ideju ievie\u0161anai \u0136eipenes skol\u0101. Projekta laik\u0101 ieg\u016bt\u0101s zin\u0101\u0161anas un prasmes tika nodotas kol\u0113\u0123iem, skol\u0113niem un vec\u0101kiem, t\u0101d\u0113j\u0101di veicinot projekta ilgtsp\u0113ju un ietekmi uz visu skolas kopienu.<\/p>\n<p style=\"text-align: justify;\">Erasmus+ projekts <strong>\u201cPar za\u013c\u0101ku pasauli m\u016bsu b\u0113rniem\u201d<\/strong> ir devis v\u0113rt\u012bgu ieguld\u012bjumu skolas att\u012bst\u012bb\u0101, apliecinot, ka m\u0101c\u012b\u0161an\u0101s var b\u016bt akt\u012bva, j\u0113gpilna un cie\u0161i saist\u012bta ar re\u0101lo dz\u012bvi, vienlaikus veidojot atbild\u012bgu attieksmi pret vidi, sabiedr\u012bbu un savu n\u0101kotni.<\/p>\n<p style=\"text-align: justify;\">Projekta \u012bsteno\u0161anas laik\u0101 skola ir ieguvusi Erasmus akredit\u0101ciju, kas apliecina t\u0101s m\u0113r\u0137tiec\u012bgu ilgtermi\u0146a att\u012bst\u012bbas pl\u0101no\u0161anu un sp\u0113ju kvalitat\u012bvi \u012bstenot starptautiskus projektus, sekm\u012bgi att\u012bst\u012bties Eiropas Savien\u012bbas izgl\u012bt\u012bbas telp\u0101. Tas rada iesp\u0113ju uzs\u0101kt n\u0101kam\u0101 apstiprin\u0101t\u0101 Erasmus+ projekta aktivit\u0101tes, turpinot skolas att\u012bst\u012bbu un stiprinot starptautisko sadarb\u012bbu, nodro\u0161inot jaunas profesion\u0101l\u0101s izaugsmes un m\u0101c\u012b\u0161an\u0101s iesp\u0113jas gan skolot\u0101jiem, gan skol\u0113niem.<\/p>\n","protected":false},"featured_media":1938,"template":"","news-category":[17],"class_list":["post-1943","news","type-news","status-publish","has-post-thumbnail","hentry","news-category-projekti"],"acf":[],"_links":{"self":[{"href":"https:\/\/www.madlienasvidusskola.lv\/keipene\/wp-json\/wp\/v2\/news\/1943","targetHints":{"allow":["GET"]}}],"collection":[{"href":"https:\/\/www.madlienasvidusskola.lv\/keipene\/wp-json\/wp\/v2\/news"}],"about":[{"href":"https:\/\/www.madlienasvidusskola.lv\/keipene\/wp-json\/wp\/v2\/types\/news"}],"version-history":[{"count":2,"href":"https:\/\/www.madlienasvidusskola.lv\/keipene\/wp-json\/wp\/v2\/news\/1943\/revisions"}],"predecessor-version":[{"id":2101,"href":"https:\/\/www.madlienasvidusskola.lv\/keipene\/wp-json\/wp\/v2\/news\/1943\/revisions\/2101"}],"wp:featuredmedia":[{"embeddable":true,"href":"https:\/\/www.madlienasvidusskola.lv\/keipene\/wp-json\/wp\/v2\/media\/1938"}],"wp:attachment":[{"href":"https:\/\/www.madlienasvidusskola.lv\/keipene\/wp-json\/wp\/v2\/media?parent=1943"}],"wp:term":[{"taxonomy":"news-category","embeddable":true,"href":"https:\/\/www.madlienasvidusskola.lv\/keipene\/wp-json\/wp\/v2\/news-category?post=1943"}],"curies":[{"name":"wp","href":"https:\/\/api.w.org\/{rel}","templated":true}]}}