{"id":1945,"date":"2026-06-01T10:00:00","date_gmt":"2026-06-01T07:00:00","guid":{"rendered":"https:\/\/madlienasvidusskola.lv\/keipene\/aktualitates\/macibu-gada-noslegums-vertibu-diena\/"},"modified":"2026-08-16T15:17:25","modified_gmt":"2026-08-16T12:17:25","slug":"macibu-gada-noslegums-vertibu-diena","status":"publish","type":"news","link":"https:\/\/www.madlienasvidusskola.lv\/keipene\/aktualitates\/macibu-gada-noslegums-vertibu-diena\/","title":{"rendered":"M\u0101c\u012bbu gada nosl\u0113gums \u2014 V\u0113rt\u012bbu diena"},"content":{"rendered":"<p style=\"text-align: justify;\">V\u0113rt\u012bbas ir neredzamais sp\u0113ks, kas veido cilv\u0113ku un maina pasauli. Tas, ko ieliekam b\u0113rnu sird\u012bs \u0161odien, k\u013c\u016bst par sabiedr\u012bbas sp\u0113ku r\u012bt.<\/p>\n<p style=\"text-align: justify;\">Lai cik raiba un izaicino\u0161a neb\u016btu ikdiena, ikviens \u0136eipenes skolas iedz\u012bvot\u0101js zina, ka m\u0101c\u012bbu gads nosl\u0113gsies mier\u0101 un pateic\u012bb\u0101. M\u0101c\u012bbu gada izska\u0146\u0101 tradicion\u0101li aizvad\u012bj\u0101m V\u0113rt\u012bbu dienu \u2013 noz\u012bm\u012bgu laiku, kad atskat\u0101mies uz kop\u0101 piedz\u012bvoto, izv\u0113rt\u0113jam paveikto un nov\u0113rt\u0113jam ikviena ieguld\u012bjumu.<\/p>\n<p style=\"text-align: justify;\">Skolas ikdiena ir notikumiem bag\u0101ta. Katru dienu sastopamies ar jauniem uzdevumiem, pan\u0101kumiem un izaicin\u0101jumiem. Ta\u010du p\u0101ri visam m\u016bs vieno v\u0113rt\u012bbas, kur\u0101m ticam un kuras cen\u0161amies \u012bstenot sav\u0101 ikdien\u0101. Paties\u012bba, miers, pareiza r\u012bc\u012bba, tikums un m\u012blest\u012bba nav tikai v\u0101rdi \u2013 t\u0101s ir v\u0113rt\u012bbas, kas veido m\u016bsu skolas vidi un attiec\u012bbas. T\u0101s ir m\u016bsu pamats un ce\u013ca r\u0101d\u012bt\u0101js, uz kuru balst\u0101m savas izv\u0113les gan ikdienas s\u012bkumos, gan noz\u012bm\u012bgos dz\u012bves l\u0113mumos.<\/p>\n<p style=\"text-align: justify;\">Pas\u0101kuma svin\u012bgaj\u0101 da\u013c\u0101 godin\u0101j\u0101m skol\u0113nus, kuru darbs un neatlaid\u012bba nesu\u0161i skolas v\u0101rdu \u0101rpus t\u0101s sien\u0101m gan da\u017e\u0101dos konkursos un olimpi\u0101d\u0113s, gan dziesm\u0101, dej\u0101 un cit\u0101s rado\u0161aj\u0101s aktivit\u0101t\u0113s. Sirsn\u012bgi tika sveikti ar\u012b 9. klases absolventi, kuri nosl\u0113dz noz\u012bm\u012bgu posmu sav\u0101 dz\u012bv\u0113 un dodas pret\u012b jauniem izaicin\u0101jumiem.<\/p>\n<p style=\"text-align: justify;\">Pas\u0101kuma otraj\u0101 da\u013c\u0101 skol\u0113ni programmas \u201cSkolas soma\u201d ietvaros apguva jaunas prasmes un p\u0101rbaud\u012bja savu iztur\u012bbu rado\u0161aj\u0101s darbn\u012bc\u0101s, kuras vad\u012bja tr\u012bs talant\u012bgi jaunie\u0161i no Latvijas M\u0101kslas akad\u0113mijas. Darbn\u012bc\u0101s tika apg\u016bti deju so\u013ci, att\u012bst\u012btas aktiermeistar\u012bbas prasmes un stiprin\u0101ta fizisk\u0101 iztur\u012bba, ta\u010du p\u0101ri visam tika veicin\u0101ta sadarb\u012bba un savstarp\u0113j\u0101 uztic\u0113\u0161an\u0101s. Skol\u0113ni gan katrs sevi, gan citus ieraudz\u012bja pavisam sav\u0101d\u0101k. N\u0101c\u0101s izk\u0101pt no ierast\u0101s komforta zonas, ta\u010du tie\u0161i tas rad\u012bja visliel\u0101ko gandar\u012bjumu.<\/p>\n<p style=\"text-align: justify;\">P\u0113c rado\u0161aj\u0101m darbn\u012bc\u0101m baud\u012bj\u0101m izr\u0101di, kur\u0101 aktieri iek\u013c\u0101va ar\u012b darbn\u012bc\u0101s apg\u016btos deju elementus, \u013caujot ikvienam skol\u0113nam justies k\u0101 da\u013cai no kop\u012bg\u0101 st\u0101sta. P\u0113c tam sekoja diskusija par mobilo telefonu priek\u0161roc\u012bb\u0101m un \u0113nas pus\u0113m.<\/p>\n<p style=\"text-align: justify;\">Nosl\u0113dzot m\u0101c\u012bbu gadu, sird\u012b paliek pateic\u012bba. Par paveikto darbu, par satiktajiem cilv\u0113kiem, par kop\u012bgajiem smiekliem un p\u0101rvar\u0113taj\u0101m gr\u016bt\u012bb\u0101m L\u012bdzi vasar\u0101 \u0146emam ne tikai sasniegumus un atmi\u0146as, bet ar\u012b v\u0113rt\u012bbas, kas m\u016bs vieno, iedvesmo un pal\u012bdz augt.<\/p>\n","protected":false},"featured_media":1940,"template":"","news-category":[19],"class_list":["post-1945","news","type-news","status-publish","has-post-thumbnail","hentry","news-category-jaunumi"],"acf":[],"_links":{"self":[{"href":"https:\/\/www.madlienasvidusskola.lv\/keipene\/wp-json\/wp\/v2\/news\/1945","targetHints":{"allow":["GET"]}}],"collection":[{"href":"https:\/\/www.madlienasvidusskola.lv\/keipene\/wp-json\/wp\/v2\/news"}],"about":[{"href":"https:\/\/www.madlienasvidusskola.lv\/keipene\/wp-json\/wp\/v2\/types\/news"}],"version-history":[{"count":3,"href":"https:\/\/www.madlienasvidusskola.lv\/keipene\/wp-json\/wp\/v2\/news\/1945\/revisions"}],"predecessor-version":[{"id":2103,"href":"https:\/\/www.madlienasvidusskola.lv\/keipene\/wp-json\/wp\/v2\/news\/1945\/revisions\/2103"}],"wp:featuredmedia":[{"embeddable":true,"href":"https:\/\/www.madlienasvidusskola.lv\/keipene\/wp-json\/wp\/v2\/media\/1940"}],"wp:attachment":[{"href":"https:\/\/www.madlienasvidusskola.lv\/keipene\/wp-json\/wp\/v2\/media?parent=1945"}],"wp:term":[{"taxonomy":"news-category","embeddable":true,"href":"https:\/\/www.madlienasvidusskola.lv\/keipene\/wp-json\/wp\/v2\/news-category?post=1945"}],"curies":[{"name":"wp","href":"https:\/\/api.w.org\/{rel}","templated":true}]}}