{"id":1466,"date":"2026-08-05T09:00:00","date_gmt":"2026-08-05T06:00:00","guid":{"rendered":"https:\/\/madlienasvidusskola.lv\/pirmsskola\/?post_type=news&#038;p=1466"},"modified":"2026-08-15T10:49:51","modified_gmt":"2026-08-15T07:49:51","slug":"lapu-grabsana","status":"publish","type":"news","link":"https:\/\/www.madlienasvidusskola.lv\/madliena\/aktualitates\/lapu-grabsana\/","title":{"rendered":"9. klases izlaidums"},"content":{"rendered":"<p style=\"text-align: justify;\">\u201cUn tad p\u0113k\u0161\u0146u \u2013 k\u0101? \u2013 neviens to nezina,<br \/>\nVien\u0101 dro\u0161\u0101 jauno sp\u0101rnu virzien\u0101<br \/>\nPaliek m\u0101jas, paliek ligzda, paliek viss,<br \/>\nPriek\u0161\u0101 tikai m\u0101ko\u0146i un debesis.<br \/>\nVai tad tas nav tas, ko vec\u0101s bezdel\u012bgas grib \u2013<br \/>\nRedz\u0113t, k\u0101 pret sauli b\u0113rnu sp\u0101rni zib?\u201d<br \/>\n( I. Ziedonis)<\/p>\n<p style=\"text-align: justify;\">9. klases izlaidums \u0161ogad notika 3. j\u016blij\u0101, kad absolventi jau zin\u0101ja savus eks\u0101menu rezult\u0101tus un bija sa\u0146\u0113mu\u0161i sertifik\u0101tus m\u0101c\u012bbu priek\u0161metos, kuros k\u0101rtoja eks\u0101menus. Pamatskolu beidza 21 skol\u0113ns \u2013 9 z\u0113ni un 12 meitenes. Kop\u0101 ar absolventiem bij\u0101m sagatavoju\u0161i muzik\u0101li dramatisku priek\u0161nesumu ar dzeju un dziesm\u0101m, kura laik\u0101 skol\u0113ni teica paldies saviem vec\u0101kiem un skolot\u0101jiem.<\/p>\n<p style=\"text-align: justify;\">Izlaidum\u0101 iedvesmojo\u0161as dziesmas dzied\u0101ja le\u0123end\u0101r\u0101s rokoperas p\u0113d\u0113j\u0101 iestud\u0113juma L\u0101\u010dpl\u0113\u0161a lomas izpild\u012bt\u0101js m\u016bzi\u0137is Atis Zviedris. Priek\u0161nesumi bija tik aizraujo\u0161i, ka bie\u017ei dzied\u0101ja l\u012bdzi visa z\u0101le.<\/p>\n<p style=\"text-align: justify;\">Kop\u0101 ar absolventiem lielu paldies sak\u0101m cilv\u0113kiem, kuri pal\u012bdz\u0113ja mums \u0161aj\u0101 tik noz\u012bm\u012bgaj\u0101 notikum\u0101 \u2013 z\u0101les izpu\u0161\u0137ot\u0101jiem 8. klasei kop\u0101 ar audzin\u0101t\u0101ju Ilzi Smil\u0161kalni un Marutu Viduci-\u0160eveli, m\u016bzikas skolot\u0101jai Ivetai Me\u017eajevai, pas\u0101kuma apska\u0146ot\u0101jam Vilnim Dreimanim, fotogr\u0101fei Just\u012bnei M\u016brniecei un visiem p\u0101r\u0113jiem, kuri m\u016bs atbalst\u012bja.<\/p>\n<p style=\"text-align: justify;\">Nov\u0113lu saviem m\u012b\u013cajiem absolventiem rado\u0161u, zin\u0101\u0161an\u0101m un piedz\u012bvojumiem bag\u0101tu turpm\u0101ko dz\u012bves ce\u013cu!<\/p>\n<p style=\"text-align: justify;\"><em>Audzin\u0101t\u0101ja Vija J\u0113kabsone<\/em><\/p>\n","protected":false},"featured_media":2063,"template":"","news-category":[17],"class_list":["post-1466","news","type-news","status-publish","has-post-thumbnail","hentry","news-category-jaunumi"],"acf":[],"_links":{"self":[{"href":"https:\/\/www.madlienasvidusskola.lv\/madliena\/wp-json\/wp\/v2\/news\/1466","targetHints":{"allow":["GET"]}}],"collection":[{"href":"https:\/\/www.madlienasvidusskola.lv\/madliena\/wp-json\/wp\/v2\/news"}],"about":[{"href":"https:\/\/www.madlienasvidusskola.lv\/madliena\/wp-json\/wp\/v2\/types\/news"}],"version-history":[{"count":4,"href":"https:\/\/www.madlienasvidusskola.lv\/madliena\/wp-json\/wp\/v2\/news\/1466\/revisions"}],"predecessor-version":[{"id":2093,"href":"https:\/\/www.madlienasvidusskola.lv\/madliena\/wp-json\/wp\/v2\/news\/1466\/revisions\/2093"}],"wp:featuredmedia":[{"embeddable":true,"href":"https:\/\/www.madlienasvidusskola.lv\/madliena\/wp-json\/wp\/v2\/media\/2063"}],"wp:attachment":[{"href":"https:\/\/www.madlienasvidusskola.lv\/madliena\/wp-json\/wp\/v2\/media?parent=1466"}],"wp:term":[{"taxonomy":"news-category","embeddable":true,"href":"https:\/\/www.madlienasvidusskola.lv\/madliena\/wp-json\/wp\/v2\/news-category?post=1466"}],"curies":[{"name":"wp","href":"https:\/\/api.w.org\/{rel}","templated":true}]}}