{"id":1477,"date":"2026-06-29T09:00:00","date_gmt":"2026-06-29T06:00:00","guid":{"rendered":"https:\/\/madlienasvidusskola.lv\/pirmsskola\/?post_type=news&#038;p=1477"},"modified":"2026-08-15T10:53:26","modified_gmt":"2026-08-15T07:53:26","slug":"nosledzies-konkurss-rudens-veltes","status":"publish","type":"news","link":"https:\/\/www.madlienasvidusskola.lv\/madliena\/aktualitates\/nosledzies-konkurss-rudens-veltes\/","title":{"rendered":"Pasaules st\u0101sti un jaun\u012bbas ener\u0123ija"},"content":{"rendered":"<p style=\"text-align: justify;\">2026. gada 2. j\u016bnij\u0101 Madlienas vidusskolas skol\u0113ni dev\u0101s uz pagastm\u0101ju, lai tiktos ar pension\u0101ru biedr\u012bbas \u201cSisegale\u201d dal\u012bbniekiem. Ogres novada pa\u0161vald\u012bbas projekta \u201cRADI\u201d ietvaros pension\u0101ru biedr\u012bba realiz\u0113ja br\u012bni\u0161\u0137\u012bgu un iedvesmojo\u0161u projektu \u2013 dz\u012bvesprieks darboties. Projekta t\u0113ma: Tik\u0161an\u0101s ar jaunie\u0161iem \u2013 pieredzes st\u0101sti par ce\u013cojumiem pa Eiropu ERASMUS+ programmas ietvaros.<\/p>\n<p style=\"text-align: justify;\">M\u0113s, Madlienas vidusskolas skol\u0113ni \u2013 Deina Valnere, Rihards Di\u0161ereits, Markuss Masiulis, Niks R\u0101be, Sofija Rud\u0146ika, Viktorija Rud\u0146ika un Agnese Laiz\u0101ne, tik\u0101mies ar m\u016bsu senioriem, lai iepaz\u012bstin\u0101tu ar starptautisko projektu Erasmus+ un Nordplus aktivit\u0101t\u0113m, kas vair\u0101k nek\u0101 piecus gadus jau notiek m\u016bsu skol\u0101. Skol\u0113ni \u0161im pas\u0101kumam gatavoj\u0101s \u013coti nopietni \u2013 izstr\u0101d\u0101ja da\u017e\u0101das prezent\u0101cijas, veidoja nelielus video st\u0101stus, k\u0101 ar\u012b iepaz\u012b\u0161an\u0101s sp\u0113les un Kahoot. Virtu\u0101l\u0101 ce\u013cojum\u0101 skol\u0113ni iepaz\u012bstin\u0101ja seniorus ar da\u017e\u0101du valstu dabu, kult\u016bru, st\u0101st\u012bja par savu pieredzi un izaicin\u0101jumiem \u0161ajos m\u0101c\u012bbu braucienos. \u013boti aizraujo\u0161a izv\u0113rt\u0101s m\u016bsu iepaz\u012b\u0161an\u0101s sp\u0113le ar senioriem, k\u0101 Kahoot sp\u0113le, kur skol\u0113ni bija sagatavoju\u0161i jaut\u0101jumus par valst\u012bm, kur\u0101s bija pabiju\u0161i. M\u016bsu senioriem t\u0101 bija jauna pieredze \u2013 sp\u0113l\u0113t telefon\u0101 \u0161o sp\u0113li. Tas bija \u013coti sirsn\u012bgs pas\u0101kums, kur\u0101 satik\u0101s da\u017e\u0101das paaudzes un vair\u0101ku stundu garum\u0101 savstarp\u0113ji izgl\u012btoj\u0101s. Abas puses guva gan jaunas zin\u0101\u0161anas, gan sirsn\u012bgas emocijas.<\/p>\n<p style=\"text-align: justify;\">Liels paldies maniem skol\u0113niem par atv\u0113rt\u012bbu un sirsn\u012bbu, k\u0101 ar\u012b \u012bpa\u0161s paldies Maldai Lapi\u0146ai un Rasmai V\u0113rp\u0113jai par \u0161\u0101du ideju. Paldies ar\u012b visiem pas\u0101kuma dal\u012bbniekiem par atsauc\u012bbu un ieinteres\u0113t\u012bbu, k\u0101 ar\u012b aktivit\u0101ti un v\u0113lmi darboties. Esmu p\u0101rliecin\u0101ta, ka \u0161\u0101da sadarb\u012bba ir j\u0101turpina.<\/p>\n<p style=\"text-align: justify;\"><em>Ligita Rid\u016bze \u2013 starptautisko projektu koordinatore Madlienas vidusskol\u0101<\/em><\/p>\n","protected":false},"featured_media":2066,"template":"","news-category":[18],"class_list":["post-1477","news","type-news","status-publish","has-post-thumbnail","hentry","news-category-projekti"],"acf":[],"_links":{"self":[{"href":"https:\/\/www.madlienasvidusskola.lv\/madliena\/wp-json\/wp\/v2\/news\/1477","targetHints":{"allow":["GET"]}}],"collection":[{"href":"https:\/\/www.madlienasvidusskola.lv\/madliena\/wp-json\/wp\/v2\/news"}],"about":[{"href":"https:\/\/www.madlienasvidusskola.lv\/madliena\/wp-json\/wp\/v2\/types\/news"}],"version-history":[{"count":2,"href":"https:\/\/www.madlienasvidusskola.lv\/madliena\/wp-json\/wp\/v2\/news\/1477\/revisions"}],"predecessor-version":[{"id":2097,"href":"https:\/\/www.madlienasvidusskola.lv\/madliena\/wp-json\/wp\/v2\/news\/1477\/revisions\/2097"}],"wp:featuredmedia":[{"embeddable":true,"href":"https:\/\/www.madlienasvidusskola.lv\/madliena\/wp-json\/wp\/v2\/media\/2066"}],"wp:attachment":[{"href":"https:\/\/www.madlienasvidusskola.lv\/madliena\/wp-json\/wp\/v2\/media?parent=1477"}],"wp:term":[{"taxonomy":"news-category","embeddable":true,"href":"https:\/\/www.madlienasvidusskola.lv\/madliena\/wp-json\/wp\/v2\/news-category?post=1477"}],"curies":[{"name":"wp","href":"https:\/\/api.w.org\/{rel}","templated":true}]}}