{"id":1940,"date":"2026-01-20T12:00:00","date_gmt":"2026-01-20T10:00:00","guid":{"rendered":"https:\/\/madlienasvidusskola.lv\/mengele\/aktualitates\/pasaules-sniega-diena\/"},"modified":"2026-08-16T15:02:29","modified_gmt":"2026-08-16T12:02:29","slug":"pasaules-sniega-diena","status":"publish","type":"news","link":"https:\/\/www.madlienasvidusskola.lv\/mengele\/aktualitates\/pasaules-sniega-diena\/","title":{"rendered":"Pasaules sniega diena un barik\u0101\u017eu atceres st\u0101sti"},"content":{"rendered":"<p>\u0160odien priec\u0101j\u0101mies par \u201ePasaules sniega dienu\u201d un dal\u012bj\u0101mies atmi\u0146u st\u0101stos par barik\u0101d\u0113m.<\/p>\n<p>Paldies visiem, kuri var\u0113ja piedal\u012bties.<\/p>\n<p style=\"font-size:0.85em;opacity:0.7\">Foto: Me\u0146\u0123eles skola<\/p>\n","protected":false},"featured_media":1946,"template":"","news-category":[16],"class_list":["post-1940","news","type-news","status-publish","has-post-thumbnail","hentry","news-category-jaunumi"],"acf":[],"_links":{"self":[{"href":"https:\/\/www.madlienasvidusskola.lv\/mengele\/wp-json\/wp\/v2\/news\/1940","targetHints":{"allow":["GET"]}}],"collection":[{"href":"https:\/\/www.madlienasvidusskola.lv\/mengele\/wp-json\/wp\/v2\/news"}],"about":[{"href":"https:\/\/www.madlienasvidusskola.lv\/mengele\/wp-json\/wp\/v2\/types\/news"}],"version-history":[{"count":2,"href":"https:\/\/www.madlienasvidusskola.lv\/mengele\/wp-json\/wp\/v2\/news\/1940\/revisions"}],"predecessor-version":[{"id":1972,"href":"https:\/\/www.madlienasvidusskola.lv\/mengele\/wp-json\/wp\/v2\/news\/1940\/revisions\/1972"}],"wp:featuredmedia":[{"embeddable":true,"href":"https:\/\/www.madlienasvidusskola.lv\/mengele\/wp-json\/wp\/v2\/media\/1946"}],"wp:attachment":[{"href":"https:\/\/www.madlienasvidusskola.lv\/mengele\/wp-json\/wp\/v2\/media?parent=1940"}],"wp:term":[{"taxonomy":"news-category","embeddable":true,"href":"https:\/\/www.madlienasvidusskola.lv\/mengele\/wp-json\/wp\/v2\/news-category?post=1940"}],"curies":[{"name":"wp","href":"https:\/\/api.w.org\/{rel}","templated":true}]}}